{"id":12,"__str__":"3\u00aa Audi\u00eancia P\u00fablica da 16\u00aa Legislatura (Sa\u00fade)","link_detail_backend":"/audiencia/12","metadata":{},"numero":3,"ano":2025,"nome":"3\u00aa Audi\u00eancia P\u00fablica da 16\u00aa Legislatura (Sa\u00fade)","tema":"Demonstra\u00e7\u00e3o e Avalia\u00e7\u00e3o do cumprimento das Metas Fiscais do Relat\u00f3rio Anual de Gest\u00e3o de 2024","data":"2025-03-28","hora_inicio":"14:00","hora_fim":"","observacao":"","audiencia_cancelada":false,"url_audio":"","url_video":"https://www.youtube.com/watch?v=stTzwtGhCIo","upload_pauta":null,"upload_ata":null,"upload_anexo":null,"materia":null,"tipo":1,"parlamentar_autor":null,"requerimento":null}