{"id":15,"__str__":"6\u00aa Audi\u00eancia P\u00fablica da 16\u00aa Legislatura","link_detail_backend":"/audiencia/15","metadata":{},"numero":6,"ano":2025,"nome":"6\u00aa Audi\u00eancia P\u00fablica da 16\u00aa Legislatura","tema":"AUDI\u00caNCIA P\u00daBLICA da Sa\u00fade para demonstra\u00e7\u00e3o do primeiro quadrimestre da SAI do exerc\u00edcio de 2025.","data":"2025-05-30","hora_inicio":"14:40","hora_fim":"","observacao":"","audiencia_cancelada":false,"url_audio":"","url_video":"https://www.youtube.com/watch?v=x_Sb6kRcrJA","upload_pauta":null,"upload_ata":null,"upload_anexo":null,"materia":null,"tipo":1,"parlamentar_autor":null,"requerimento":null}